{"id":1632,"date":"2024-09-29T18:43:49","date_gmt":"2024-09-29T16:43:49","guid":{"rendered":"https:\/\/www.taichicomo.it\/?p=1632"},"modified":"2024-09-29T18:51:22","modified_gmt":"2024-09-29T16:51:22","slug":"il-tai-chi-como-incontra-lassociazione-liberi-come-il-vento","status":"publish","type":"post","link":"https:\/\/www.taichicomo.it\/?p=1632","title":{"rendered":"Il Tai Chi Como incontra l&#8217;associazione Liberi Come Il Vento"},"content":{"rendered":"\n<p class=\"wp-block-paragraph\">In occasione della <a href=\"https:\/\/www.taichicomo.it\/?p=1622\" data-type=\"post\" data-id=\"1622\">Festa dello Sport di Maslianico<\/a>, il Tai Chi Como ha avuto il piacere di essere intervistato da Michele Modafferi, Presidente della associazione <a href=\"https:\/\/www.libericomeilvento-mi.it\/\">Liberi Come Il Vento<\/a>. Questa associazione si impegna a promuovere nuove modalit\u00e0 di partecipazione e integrazione sociale per le persone con disabilit\u00e0, diffondendo la cultura della diversit\u00e0 affinch\u00e9 &#8220;<em>la disabilit\u00e0 non sia una malattia<\/em>&#8220;.<\/p>\n\n\n\n<figure class=\"wp-block-embed is-type-video is-provider-youtube wp-block-embed-youtube wp-embed-aspect-16-9 wp-has-aspect-ratio\"><div class=\"wp-block-embed__wrapper\">\n<iframe loading=\"lazy\" title=\"Tai Chi Como\" width=\"960\" height=\"540\" src=\"https:\/\/www.youtube.com\/embed\/IKkue1IMITY?feature=oembed\" frameborder=\"0\" allow=\"accelerometer; autoplay; clipboard-write; encrypted-media; gyroscope; picture-in-picture; web-share\" referrerpolicy=\"strict-origin-when-cross-origin\" allowfullscreen><\/iframe>\n<\/div><\/figure>\n\n\n\n<p class=\"wp-block-paragraph\"><\/p>\n\n\n\n<p class=\"wp-block-paragraph\"><\/p>\n\n\n\n<p class=\"wp-block-paragraph\"><\/p>\n","protected":false},"excerpt":{"rendered":"<p>In occasione della Festa dello Sport di Maslianico, il Tai Chi Como ha avuto il piacere di essere intervistato da Michele Modafferi, Presidente della associazione Liberi Come Il Vento. Questa associazione si impegna a promuovere nuove modalit\u00e0 di partecipazione e integrazione sociale per le persone con disabilit\u00e0, diffondendo la cultura della diversit\u00e0 affinch\u00e9 &#8220;la disabilit\u00e0 non sia una malattia&#8220;.<\/p>\n","protected":false},"author":2,"featured_media":0,"comment_status":"closed","ping_status":"open","sticky":false,"template":"","format":"standard","meta":{"saved_in_kubio":false,"_themeisle_gutenberg_block_has_review":false,"_jetpack_newsletter_access":"","_jetpack_dont_email_post_to_subs":false,"_jetpack_newsletter_tier_id":0,"_jetpack_memberships_contains_paywalled_content":false,"_jetpack_feature_clip_id":0,"_jetpack_memberships_contains_paid_content":false,"footnotes":"","jetpack_post_was_ever_published":false},"categories":[1],"tags":[],"class_list":["post-1632","post","type-post","status-publish","format-standard","hentry","category-uncategorized"],"jetpack_sharing_enabled":true,"jetpack_likes_enabled":true,"jetpack_featured_media_url":"","_links":{"self":[{"href":"https:\/\/www.taichicomo.it\/index.php?rest_route=\/wp\/v2\/posts\/1632","targetHints":{"allow":["GET"]}}],"collection":[{"href":"https:\/\/www.taichicomo.it\/index.php?rest_route=\/wp\/v2\/posts"}],"about":[{"href":"https:\/\/www.taichicomo.it\/index.php?rest_route=\/wp\/v2\/types\/post"}],"author":[{"embeddable":true,"href":"https:\/\/www.taichicomo.it\/index.php?rest_route=\/wp\/v2\/users\/2"}],"replies":[{"embeddable":true,"href":"https:\/\/www.taichicomo.it\/index.php?rest_route=%2Fwp%2Fv2%2Fcomments&post=1632"}],"version-history":[{"count":3,"href":"https:\/\/www.taichicomo.it\/index.php?rest_route=\/wp\/v2\/posts\/1632\/revisions"}],"predecessor-version":[{"id":1637,"href":"https:\/\/www.taichicomo.it\/index.php?rest_route=\/wp\/v2\/posts\/1632\/revisions\/1637"}],"wp:attachment":[{"href":"https:\/\/www.taichicomo.it\/index.php?rest_route=%2Fwp%2Fv2%2Fmedia&parent=1632"}],"wp:term":[{"taxonomy":"category","embeddable":true,"href":"https:\/\/www.taichicomo.it\/index.php?rest_route=%2Fwp%2Fv2%2Fcategories&post=1632"},{"taxonomy":"post_tag","embeddable":true,"href":"https:\/\/www.taichicomo.it\/index.php?rest_route=%2Fwp%2Fv2%2Ftags&post=1632"}],"curies":[{"name":"wp","href":"https:\/\/api.w.org\/{rel}","templated":true}]}}